{"id":7778,"date":"2026-04-24T06:43:22","date_gmt":"2026-04-24T06:43:22","guid":{"rendered":"https:\/\/reanybikes.com\/?p=7778"},"modified":"2026-04-24T07:06:54","modified_gmt":"2026-04-24T07:06:54","slug":"un-velo-electrique-peut-il-etre-a-la-fois-elegant-et-pratique","status":"publish","type":"post","link":"https:\/\/reanybikes.com\/fr\/blog\/un-velo-electrique-peut-il-etre-a-la-fois-elegant-et-pratique\/","title":{"rendered":"Un v\u00e9lo \u00e9lectrique peut-il \u00eatre \u00e0 la fois \u00e9l\u00e9gant et pratique ?"},"content":{"rendered":"\n\n<h2 class=\"wp-block-heading\">Pourquoi de plus en plus de cyclistes veulent un e-bike beau et vraiment pratique<\/h2>\n\n\n\n\n<p>Oui, un <strong>e bike stylish<\/strong> peut aussi \u00eatre pratique. En r\u00e9alit\u00e9, beaucoup de cyclistes urbains attendent d\u00e9sormais les deux. Ils veulent un v\u00e9lo au look raffin\u00e9 en ville, mais aussi <a href=\"https:\/\/reanybikes.com\/fr\/blog\/velo-electrique-urbain-comment-integrer-le-velo-electrique-dans-votre-vie-quotidienne\/\">facile \u00e0 utiliser au quotidien<\/a>.<\/p>\n\n\n\n\n<p>C\u2019est encore plus important en ville, o\u00f9 rouler signifie souvent trajets courts, courses rapides, espace de rangement limit\u00e9 et arr\u00eats fr\u00e9quents. Dans ce contexte, un bon design n\u2019est pas seulement visuel. Il peut aussi rendre le v\u00e9lo plus simple, plus l\u00e9ger et plus facile \u00e0 vivre.<\/p>\n\n\n\n\n<h2 class=\"wp-block-heading\">Qu\u2019est-ce qui rend un e-bike stylish ?<\/h2>\n\n\n\n\n<h3 class=\"wp-block-heading\">Un e-bike stylish va au-del\u00e0 de l\u2019apparence<\/h3>\n\n\n\n\n<p>Un <strong>e bike stylish<\/strong> ne se limite pas \u00e0 une couleur ou \u00e0 une tendance visuelle. Il se distingue g\u00e9n\u00e9ralement par :<\/p>\n\n\n\n\n<ul class=\"wp-block-list\">\n<li>des lignes \u00e9pur\u00e9es<\/li>\n\n\n\n\n<li>des proportions fines<\/li>\n\n\n\n\n<li>une allure globale \u00e9quilibr\u00e9e<\/li>\n\n\n\n\n<li>un design moderne mais discret<\/li>\n<\/ul>\n\n\n\n\n<h3 class=\"wp-block-heading\">Pourquoi \u201ce bike stylish\u201d signifie souvent urbain et minimal<\/h3>\n\n\n\n\n<p>Dans la mobilit\u00e9 urbaine, le style vient souvent de la simplicit\u00e9. Beaucoup de cyclistes pr\u00e9f\u00e8rent un <strong>e bike stylish<\/strong> qui semble :<\/p>\n\n\n\n\n<ul class=\"wp-block-list\">\n<li><a href=\"https:\/\/reanybikes.com\/fr\/blog\/lessor-du-velo-electrique-urbain-minimaliste-en-europe\/\">minimal, pas tape-\u00e0-l\u2019\u0153il<\/a><\/li>\n\n\n\n\n<li>raffin\u00e9, pas oversized<\/li>\n\n\n\n\n<li>naturel dans un environnement urbain<\/li>\n\n\n\n\n<li>align\u00e9 avec un style de vie urbain plus europ\u00e9en<\/li>\n<\/ul>\n\n\n\n\n<h3 class=\"wp-block-heading\">Le style influence aussi la sensation du v\u00e9lo<\/h3>\n\n\n\n\n<p>Un bon design change aussi l\u2019exp\u00e9rience du quotidien. Un e-bike styl\u00e9 para\u00eet souvent :<\/p>\n\n\n\n\n<ul class=\"wp-block-list\">\n<li>visuellement plus l\u00e9ger<\/li>\n\n\n\n\n<li>plus calme dans sa pr\u00e9sence<\/li>\n\n\n\n\n<li>plus facile \u00e0 int\u00e9grer dans la vie quotidienne<\/li>\n\n\n\n\n<li>plus naturel pour les courtes routines urbaines<\/li>\n<\/ul>\n\n\n\n\n<h2 class=\"wp-block-heading\">Qu\u2019est-ce qui rend un e-bike pratique ?<\/h2>\n\n\n\n\n<h3 class=\"wp-block-heading\">Pratique pendant le trajet lui-m\u00eame<\/h3>\n\n\n\n\n<p>Un e-bike pratique doit \u00eatre facile \u00e0 utiliser dans la conduite urbaine quotidienne. Cela signifie g\u00e9n\u00e9ralement :<\/p>\n\n\n\n\n<ul class=\"wp-block-list\">\n<li>une maniabilit\u00e9 facile dans le trafic<\/li>\n\n\n\n\n<li>un bon contr\u00f4le \u00e0 basse vitesse<\/li>\n\n\n\n\n<li>du confort sur les courts trajets<\/li>\n\n\n\n\n<li>une utilisation fluide en stop-and-go<\/li>\n<\/ul>\n\n\n\n\n<h3 class=\"wp-block-heading\">Pratique avant et apr\u00e8s le trajet<\/h3>\n\n\n\n\n<p>La praticit\u00e9 compte aussi lorsque le trajet est termin\u00e9. Beaucoup de cyclistes urbains ont besoin d\u2019un v\u00e9lo :<\/p>\n\n\n\n\n<ul class=\"wp-block-list\">\n<li>facile \u00e0 garer<\/li>\n\n\n\n\n<li>facile \u00e0 d\u00e9placer<\/li>\n\n\n\n\n<li>facile \u00e0 ranger \u00e0 l\u2019int\u00e9rieur<\/li>\n\n\n\n\n<li>adapt\u00e9 aux logements ou espaces de travail compacts<\/li>\n<\/ul>\n\n\n\n\n<h3 class=\"wp-block-heading\">Pratique dans la vie urbaine quotidienne<\/h3>\n\n\n\n\n<p>Un e-bike pratique doit s\u2019int\u00e9grer naturellement aux vraies routines, comme :<\/p>\n\n\n\n\n<ul class=\"wp-block-list\">\n<li>le commuting<\/li>\n\n\n\n\n<li>les courses<\/li>\n\n\n\n\n<li>le shopping<\/li>\n\n\n\n\n<li>les trajets rapides en ville<\/li>\n<\/ul>\n\n\n\n\n<h2 class=\"wp-block-heading\">Un e-bike peut-il \u00eatre styl\u00e9 et pratique \u00e0 la fois ?<\/h2>\n\n\n\n\n<h3 class=\"wp-block-heading\">Oui, lorsque le design soutient l\u2019usage<\/h3>\n\n\n\n\n<p>Oui. Un <strong>e bike stylish<\/strong> peut aussi \u00eatre pratique lorsque le design aide le v\u00e9lo \u00e0 mieux fonctionner dans la vie urbaine quotidienne. Le style et la fonction n\u2019ont pas besoin d\u2019\u00eatre en concurrence. Dans beaucoup de cas, un design plus \u00e9pur\u00e9 et plus r\u00e9fl\u00e9chi rend un e-bike plus facile \u00e0 manier, plus facile \u00e0 ranger et plus facile \u00e0 utiliser tous les jours.<\/p>\n\n\n\n\n<h3 class=\"wp-block-heading\">Pourquoi c\u2019est encore plus important en ville<\/h3>\n\n\n\n\n<p>Dans la mobilit\u00e9 urbaine, le v\u00e9lo est souvent utilis\u00e9 fr\u00e9quemment et pour des trajets courts et pratiques. C\u2019est pourquoi les cyclistes ont besoin d\u2019un v\u00e9lo qui ne soit pas seulement beau en ville, mais qui soit aussi juste dans l\u2019usage r\u00e9el. Un bon <strong>e bike stylish<\/strong> doit soutenir :<\/p>\n\n\n\n\n<ul class=\"wp-block-list\">\n<li>le commuting quotidien<\/li>\n\n\n\n\n<li>les courses rapides<\/li>\n\n\n\n\n<li>le stationnement facile<\/li>\n\n\n\n\n<li>le rangement compact<\/li>\n<\/ul>\n\n\n\n\n<h3 class=\"wp-block-heading\">Les meilleurs e-bikes urbains combinent les deux<\/h3>\n\n\n\n\n<p>Les meilleurs e-bikes urbains trouvent g\u00e9n\u00e9ralement un \u00e9quilibre entre apparence et facilit\u00e9 d\u2019usage. Ils sont assez raffin\u00e9s pour s\u2019int\u00e9grer \u00e0 la vie urbaine, mais assez pratiques pour soutenir les routines quotidiennes sans volume ni complexit\u00e9 inutiles.<\/p>\n\n\n\n\n<h2 class=\"wp-block-heading\">E-bike styl\u00e9 vs e-bike bulky : lequel s\u2019adapte le mieux \u00e0 la vie urbaine ?<\/h2>\n\n\n\n\n<figure class=\"wp-block-table\"><table class=\"has-fixed-layout\"><tbody><tr><td><strong>Caract\u00e9ristique<\/strong><\/td><td><strong>E-bike minimal styl\u00e9<\/strong><\/td><td><strong>E-bike traditionnel bulky<\/strong><\/td><\/tr><tr><td><strong>Sensation de design<\/strong><\/td><td>\u00c9pur\u00e9, fin et raffin\u00e9<\/td><td>Plus technique ou oversized<\/td><\/tr><tr><td><strong>Int\u00e9gration urbaine<\/strong><\/td><td>Semble naturel dans la vie urbaine<\/td><td>Peut para\u00eetre visuellement et physiquement plus lourd<\/td><\/tr><tr><td><strong>Maniabilit\u00e9<\/strong><\/td><td>Souvent plus facile et plus agile<\/td><td>Peut sembler plus encombrant dans le trafic<\/td><\/tr><tr><td><strong>Rangement<\/strong><\/td><td>Mieux adapt\u00e9 aux logements compacts<\/td><td>Plus difficile \u00e0 ranger \u00e0 l\u2019int\u00e9rieur<\/td><\/tr><tr><td><strong>Usage quotidien<\/strong><\/td><td>Con\u00e7u pour des routines pratiques<\/td><td>Peut inclure des fonctionnalit\u00e9s dont beaucoup de cyclistes n\u2019ont pas besoin<\/td><\/tr><tr><td><strong>Exp\u00e9rience globale<\/strong><\/td><td>\u00c9quilibr\u00e9e et intuitive<\/td><td>Parfois plus proche d\u2019une sensation \u201cmachine\u201d<\/td><\/tr><\/tbody><\/table><\/figure>\n\n\n\n\n<h2 class=\"wp-block-heading\">Pourquoi un design styl\u00e9 peut am\u00e9liorer l\u2019usage quotidien<\/h2>\n\n\n\n\n<h3 class=\"wp-block-heading\">Moins de masse visuelle signifie souvent moins de friction<\/h3>\n\n\n\n\n<p>Un design plus \u00e9pur\u00e9 rend souvent un e-bike <a href=\"https:\/\/reanybikes.com\/fr\/blog\/velos-electriques-legers-ou-standard-pourquoi-une-conduite-plus-legere-fait-la-difference-en-ville\/\">plus facile \u00e0 vivre au quotidien<\/a>. Un <strong>e bike stylish<\/strong> a g\u00e9n\u00e9ralement une pr\u00e9sence plus compacte et plus \u00e9quilibr\u00e9e, ce qui peut l\u2019aider \u00e0 mieux s\u2019int\u00e9grer dans :<\/p>\n\n\n\n\n<ul class=\"wp-block-list\">\n<li>les entr\u00e9es \u00e9troites<\/li>\n\n\n\n\n<li>les espaces de rangement int\u00e9rieurs<\/li>\n\n\n\n\n<li>les environnements urbains anim\u00e9s<\/li>\n\n\n\n\n<li>les courtes routines du quotidien<\/li>\n<\/ul>\n\n\n\n\n<h3 class=\"wp-block-heading\">Un design minimal soutient souvent des choix pratiques<\/h3>\n\n\n\n\n<p>Dans beaucoup de cas, un design plus minimal soutient aussi une meilleure facilit\u00e9 d\u2019usage. Cela peut signifier :<\/p>\n\n\n\n\n<ul class=\"wp-block-list\">\n<li>un rangement plus facile<\/li>\n\n\n\n\n<li>un d\u00e9placement plus simple<\/li>\n\n\n\n\n<li>une g\u00e9om\u00e9trie urbaine plus naturelle<\/li>\n\n\n\n\n<li>moins de volume inutile<\/li>\n<\/ul>\n\n\n\n\n<h3 class=\"wp-block-heading\">Un v\u00e9lo qui semble juste est plus utilis\u00e9<\/h3>\n\n\n\n\n<p>Quand un v\u00e9lo para\u00eet facile et agr\u00e9able, les gens sont plus susceptibles de l\u2019utiliser tous les jours. C\u2019est l\u2019une des raisons pour lesquelles un <strong>e bike stylish<\/strong> peut \u00eatre plus qu\u2019un choix visuel. Il peut aussi soutenir une mobilit\u00e9 urbaine plus r\u00e9guli\u00e8re et plus pratique.<\/p>\n\n\n\n\n<h2 class=\"wp-block-heading\">Situations urbaines r\u00e9elles o\u00f9 style et praticit\u00e9 doivent fonctionner ensemble<\/h2>\n\n\n\n\n<h3 class=\"wp-block-heading\">Commuting en ville<\/h3>\n\n\n\n\n<p>Dans le commuting quotidien, les cyclistes doivent souvent g\u00e9rer des feux rouges, des trajets courts et un stationnement rapide. Dans ce contexte, un <strong>e bike stylish<\/strong> ne doit pas seulement avoir sa place en ville. Il doit aussi \u00eatre facile \u00e0 manier et pratique \u00e0 utiliser.<\/p>\n\n\n\n\n<h3 class=\"wp-block-heading\">Vivre dans un appartement compact<\/h3>\n\n\n\n\n<p>Pour beaucoup de personnes, rouler en ville inclut aussi ce qui se passe \u00e0 la maison. Les entr\u00e9es \u00e9troites, le rangement int\u00e9rieur et les couloirs compacts rendent la praticit\u00e9 essentielle. Un v\u00e9lo plus raffin\u00e9 et minimal s\u2019adapte souvent mieux \u00e0 ces situations.<\/p>\n\n\n\n\n<h3 class=\"wp-block-heading\">Faire des courses apr\u00e8s le travail<\/h3>\n\n\n\n\n<p>Un bon e-bike urbain doit s\u2019adapter aux diff\u00e9rents moments de la journ\u00e9e. Beaucoup de cyclistes utilisent le m\u00eame v\u00e9lo pour :<\/p>\n\n\n\n\n<ul class=\"wp-block-list\">\n<li>le commuting<\/li>\n\n\n\n\n<li>le shopping<\/li>\n\n\n\n\n<li>les arr\u00eats rapides<\/li>\n\n\n\n\n<li>les plans sociaux en ville<\/li>\n<\/ul>\n\n\n\n\n<h3 class=\"wp-block-heading\">Se d\u00e9placer dans des villes comme Amsterdam, Utrecht ou Rotterdam<\/h3>\n\n\n\n\n<p>Dans des environnements urbains denses, le style et la praticit\u00e9 comptent tous les deux. Les cyclistes veulent un v\u00e9lo qui semble naturel en ville, mais aussi facile \u00e0 vivre au quotidien. C\u2019est l\u00e0 qu\u2019un <strong>e bike stylish<\/strong> peut avoir le plus de sens.<\/p>\n\n\n\n\n<h2 class=\"wp-block-heading\">Que rechercher si vous voulez un e-bike \u00e0 la fois styl\u00e9 et pratique<\/h2>\n\n\n\n\n<h3 class=\"wp-block-heading\">Recherchez un design \u00e9pur\u00e9 et \u00e9quilibr\u00e9<\/h3>\n\n\n\n\n<p>Si vous voulez un <strong>e bike stylish<\/strong> adapt\u00e9 \u00e0 la vie urbaine quotidienne, commencez par le design global. Une bonne option pr\u00e9sente g\u00e9n\u00e9ralement :<\/p>\n\n\n\n\n<ul class=\"wp-block-list\">\n<li>des proportions fines<\/li>\n\n\n\n\n<li>des lignes \u00e9pur\u00e9es<\/li>\n\n\n\n\n<li>des d\u00e9tails raffin\u00e9s<\/li>\n\n\n\n\n<li>une silhouette adapt\u00e9e \u00e0 la ville<\/li>\n<\/ul>\n\n\n\n\n<h3 class=\"wp-block-heading\">V\u00e9rifiez la facilit\u00e9 d\u2019usage au quotidien<\/h3>\n\n\n\n\n<p>Le style doit aussi soutenir l\u2019usage r\u00e9el. Cela signifie rechercher un v\u00e9lo qui est :<\/p>\n\n\n\n\n<ul class=\"wp-block-list\">\n<li>facile \u00e0 manier<\/li>\n\n\n\n\n<li>facile \u00e0 ranger<\/li>\n\n\n\n\n<li>facile \u00e0 garer<\/li>\n\n\n\n\n<li>confortable en conduite urbaine<\/li>\n<\/ul>\n\n\n\n\n<h3 class=\"wp-block-heading\">Pensez \u00e0 votre vraie routine<\/h3>\n\n\n\n\n<p>Le bon choix d\u00e9pend de votre usage du v\u00e9lo au quotidien. Demandez-vous s\u2019il convient \u00e0 :<\/p>\n\n\n\n\n<ul class=\"wp-block-list\">\n<li>le commuting<\/li>\n\n\n\n\n<li>la vie en appartement<\/li>\n\n\n\n\n<li>les courses<\/li>\n\n\n\n\n<li>les plans sociaux en ville<\/li>\n<\/ul>\n\n\n\n\n<h3 class=\"wp-block-heading\">Avant de choisir un e bike stylish adapt\u00e9 \u00e0 la vie urbaine, posez-vous ces questions :<\/h3>\n\n\n\n\n<ul class=\"wp-block-list\">\n<li>Est-il facile \u00e0 manier ?<\/li>\n\n\n\n\n<li>Est-il facile \u00e0 ranger ?<\/li>\n\n\n\n\n<li>Correspond-il \u00e0 ma routine quotidienne ?<\/li>\n\n\n\n\n<li>Le design semble-t-il naturel pour la ville ?<\/li>\n<\/ul>\n\n\n\n\n<h2 class=\"wp-block-heading\">Pourquoi ce sujet correspond \u00e0 l\u2019approche Reany<\/h2>\n\n\n\n\n<h3 class=\"wp-block-heading\">L\u00e9ger, facile et styl\u00e9 by design<\/h3>\n\n\n\n\n<p>Ce sujet correspond \u00e0 Reany parce qu\u2019il refl\u00e8te l\u2019approche centrale de la marque en mati\u00e8re de mobilit\u00e9 urbaine. Un <strong>e bike stylish<\/strong> ne doit pas seulement avoir un look raffin\u00e9. Il doit aussi sembler :<\/p>\n\n\n\n\n<ul class=\"wp-block-list\">\n<li><strong>l\u00e9ger<\/strong> au quotidien<\/li>\n\n\n\n\n<li><strong>facile<\/strong> \u00e0 manier et \u00e0 vivre<\/li>\n\n\n\n\n<li><strong>styl\u00e9<\/strong> d\u2019une mani\u00e8re naturelle et urbaine<\/li>\n<\/ul>\n\n\n\n\n<h3 class=\"wp-block-heading\">Con\u00e7u pour de vraies routines urbaines<\/h3>\n\n\n\n\n<p>La direction de Reany a du sens dans le contexte de la vraie vie urbaine, o\u00f9 rouler implique souvent :<\/p>\n\n\n\n\n<ul class=\"wp-block-list\">\n<li>de courts trajets domicile-travail<\/li>\n\n\n\n\n<li>des logements compacts<\/li>\n\n\n\n\n<li>des courses rapides<\/li>\n\n\n\n\n<li>un espace de rangement limit\u00e9<\/li>\n\n\n\n\n<li>des d\u00e9placements quotidiens \u00e0 travers la ville<\/li>\n<\/ul>\n\n\n\n\n<h3 class=\"wp-block-heading\">Back to Bike, sans complexit\u00e9 inutile<\/h3>\n\n\n\n\n<p>Cela rejoint aussi l\u2019id\u00e9e de rendre les trajets urbains plus simples \u00e0 nouveau. Au lieu d\u2019ajouter plus de volume ou plus de complications, l\u2019objectif est de cr\u00e9er une meilleure exp\u00e9rience quotidienne. C\u2019est pourquoi un <strong>e bike stylish<\/strong> peut aussi \u00eatre tr\u00e8s pratique.<\/p>\n\n\n\n\n<h2 class=\"wp-block-heading\">Questions fr\u00e9quentes sur le choix d\u2019un e-bike styl\u00e9 et pratique<\/h2>\n\n\n\n\n<h3 class=\"wp-block-heading\">Un e-bike styl\u00e9 se d\u00e9mode-t-il rapidement ?<\/h3>\n\n\n\n\n<p>Pas n\u00e9cessairement. Un <strong>e bike stylish<\/strong> bien con\u00e7u repose souvent sur des lignes \u00e9pur\u00e9es et des proportions \u00e9quilibr\u00e9es plut\u00f4t que sur des tendances \u00e0 court terme, ce qui peut l\u2019aider \u00e0 rester pertinent plus longtemps.<\/p>\n\n\n\n\n<h3 class=\"wp-block-heading\">Un e-bike styl\u00e9 est-il plus difficile \u00e0 entretenir ?<\/h3>\n\n\n\n\n<p>Non. Le style et l\u2019entretien ne sont pas directement li\u00e9s. Ce qui compte davantage, c\u2019est la qualit\u00e9 des composants et la mani\u00e8re dont le v\u00e9lo est con\u00e7u pour un usage quotidien.<\/p>\n\n\n\n\n<h3 class=\"wp-block-heading\">Un e-bike styl\u00e9 peut-il quand m\u00eame \u00eatre pratique pour transporter des sacs ou des essentiels du quotidien ?<\/h3>\n\n\n\n\n<p>Oui. Un v\u00e9lo styl\u00e9 peut rester pratique pour un usage urbain quotidien, surtout s\u2019il prend en charge des <a href=\"https:\/\/reanybikes.com\/fr\/blog\/meilleurs-accessoires-pour-velo-electrique-pour-ameliorer-votre-trajet-avec-reany\/\">accessoires utiles<\/a> comme des porte-bagages ou des solutions de rangement sans perdre son design global \u00e9pur\u00e9.<\/p>\n\n\n\n\n<h3 class=\"wp-block-heading\">Un e-bike au look minimal est-il toujours plus l\u00e9ger ?<\/h3>\n\n\n\n\n<p>Pas toujours. Un v\u00e9lo peut avoir l\u2019air minimal sans \u00eatre particuli\u00e8rement l\u00e9ger, il est donc important de prendre en compte \u00e0 la fois le design et la maniabilit\u00e9 r\u00e9elle au quotidien.<\/p>\n\n\n\n\n<h3 class=\"wp-block-heading\">Un e-bike styl\u00e9 est-il un bon choix pour les d\u00e9butants ?<\/h3>\n\n\n\n\n<p>Dans beaucoup de cas, oui. Un v\u00e9lo qui semble simple, \u00e9quilibr\u00e9 et facile \u00e0 utiliser peut \u00eatre particuli\u00e8rement attirant pour les cyclistes qui veulent quelque chose d\u2019intuitif pour la vie urbaine quotidienne.<\/p>\n\n\n\n\n<h3 class=\"wp-block-heading\">La couleur d\u2019un e-bike influence-t-elle son style ?<\/h3>\n\n\n\n\n<p>Parfois, mais g\u00e9n\u00e9ralement moins que la forme et le design global. Pour beaucoup de cyclistes, ce qui rend un <strong>e bike stylish<\/strong> styl\u00e9, c\u2019est sa silhouette, ses proportions et la fa\u00e7on dont il s\u2019int\u00e8gre naturellement \u00e0 la vie urbaine.<\/p>\n\n\n\n\n<h3 class=\"wp-block-heading\">Faut-il choisir un e-bike davantage selon son look ou selon sa routine ?<\/h3>\n\n\n\n\n<p>La routine doit passer en premier. Le meilleur choix est g\u00e9n\u00e9ralement un v\u00e9lo qui vous pla\u00eet visuellement et qui <a href=\"https:\/\/reanybikes.com\/fr\/reservez-un-essai\/\">fonctionne aussi bien dans votre vie quotidienne<\/a>.<\/p>\n\n\n\n\n<h2 class=\"wp-block-heading\">Le meilleur e-bike urbain ne vous force pas \u00e0 choisir entre style et praticit\u00e9<\/h2>\n\n\n\n\n<p>Oui, un <strong>e bike stylish<\/strong> peut aussi \u00eatre pratique. En r\u00e9alit\u00e9, pour beaucoup de cyclistes urbains, la meilleure option est celle qui combine les deux. Un bon city e-bike doit avoir un look raffin\u00e9, \u00eatre facile \u00e0 utiliser et s\u2019int\u00e9grer naturellement \u00e0 la vie quotidienne.<\/p>\n\n\n\n\n<p>C\u2019est pourquoi le style ne concerne pas seulement l\u2019apparence. Quand le design est bien pens\u00e9, il peut aussi soutenir le confort, le rangement, la maniabilit\u00e9 et l\u2019usage quotidien. Dans la vraie mobilit\u00e9 urbaine, le meilleur v\u00e9lo est souvent celui qui rend la vie en ville plus simple.<\/p>\n\n","protected":false},"excerpt":{"rendered":"<p>Pourquoi de plus en plus de cyclistes veulent un e-bike beau et vraiment pratique Oui, un e bike stylish peut aussi \u00eatre pratique. En r\u00e9alit\u00e9, beaucoup de cyclistes urbains attendent &hellip;<\/p>\n","protected":false},"author":1,"featured_media":7755,"comment_status":"closed","ping_status":"closed","sticky":false,"template":"","format":"standard","meta":{"_acf_changed":false,"mc4wp_mailchimp_campaign":[],"_jetpack_memberships_contains_paid_content":false,"footnotes":""},"categories":[128],"tags":[],"class_list":["post-7778","post","type-post","status-publish","format-standard","has-post-thumbnail","hentry","category-mobilite"],"acf":[],"jetpack_featured_media_url":"https:\/\/reanybikes.com\/wp-content\/uploads\/ReanyBikes-14-scaled.webp","jetpack_sharing_enabled":true,"_links":{"self":[{"href":"https:\/\/reanybikes.com\/fr\/wp-json\/wp\/v2\/posts\/7778","targetHints":{"allow":["GET"]}}],"collection":[{"href":"https:\/\/reanybikes.com\/fr\/wp-json\/wp\/v2\/posts"}],"about":[{"href":"https:\/\/reanybikes.com\/fr\/wp-json\/wp\/v2\/types\/post"}],"author":[{"embeddable":true,"href":"https:\/\/reanybikes.com\/fr\/wp-json\/wp\/v2\/users\/1"}],"replies":[{"embeddable":true,"href":"https:\/\/reanybikes.com\/fr\/wp-json\/wp\/v2\/comments?post=7778"}],"version-history":[{"count":2,"href":"https:\/\/reanybikes.com\/fr\/wp-json\/wp\/v2\/posts\/7778\/revisions"}],"predecessor-version":[{"id":7783,"href":"https:\/\/reanybikes.com\/fr\/wp-json\/wp\/v2\/posts\/7778\/revisions\/7783"}],"wp:featuredmedia":[{"embeddable":true,"href":"https:\/\/reanybikes.com\/fr\/wp-json\/wp\/v2\/media\/7755"}],"wp:attachment":[{"href":"https:\/\/reanybikes.com\/fr\/wp-json\/wp\/v2\/media?parent=7778"}],"wp:term":[{"taxonomy":"category","embeddable":true,"href":"https:\/\/reanybikes.com\/fr\/wp-json\/wp\/v2\/categories?post=7778"},{"taxonomy":"post_tag","embeddable":true,"href":"https:\/\/reanybikes.com\/fr\/wp-json\/wp\/v2\/tags?post=7778"}],"curies":[{"name":"wp","href":"https:\/\/api.w.org\/{rel}","templated":true}]}}