{"id":3120,"date":"2025-02-20T12:37:00","date_gmt":"2025-02-20T12:37:00","guid":{"rendered":"http:\/\/reanybikes.com\/blog\/comment-la-mobilite-electrique-remodele-tranquillement-notre-avenir-urbain\/"},"modified":"2025-03-17T09:55:38","modified_gmt":"2025-03-17T09:55:38","slug":"comment-la-mobilite-electrique-remodele-tranquillement-notre-avenir-urbain","status":"publish","type":"post","link":"https:\/\/reanybikes.com\/fr\/blog\/comment-la-mobilite-electrique-remodele-tranquillement-notre-avenir-urbain\/","title":{"rendered":"Comment la mobilit\u00e9 \u00e9lectrique remod\u00e8le tranquillement notre avenir urbain"},"content":{"rendered":"\n<p>Les villes \u00e9voluent plus vite que jamais, et au c\u0153ur de cette transformation se trouve une r\u00e9volution tranquille : la mobilit\u00e9 \u00e9lectrique. Qu\u2019il s\u2019agisse d\u2019un air plus pur ou de paysages de rue repens\u00e9s, le passage aux v\u00e9los \u00e9lectriques, aux scooters et aux v\u00e9hicules \u00e9lectriques ne change pas seulement notre fa\u00e7on de nous d\u00e9placer&#8212; il r\u00e9invente ce que peut \u00eatre la vie urbaine. Pour des villes comme Amsterdam, o\u00f9 la culture du v\u00e9lo est profond\u00e9ment ancr\u00e9e, cette transition semble \u00e0 la fois naturelle et urgente.    <\/p>\n<h2>Chez Reany Bikes, nous sommes fiers de contribuer \u00e0 ce mouvement, en fabriquant des v\u00e9los \u00e9lectriques l\u00e9gers qui s\u2019int\u00e8grent parfaitement dans le rythme de la vie urbaine moderne.<\/h2>\n<p>Respirer plus facilement, bouger plus intelligemment<\/p>\n<p>La pollution de l\u2019air urbain reste une crise silencieuse, responsable de millions de d\u00e9c\u00e8s pr\u00e9matur\u00e9s chaque ann\u00e9e. La mobilit\u00e9 \u00e9lectrique offre aux villes une solution pragmatique : z\u00e9ro \u00e9mission d\u2019\u00e9chappement. Amsterdam a d\u00e9j\u00e0 vu les niveaux de dioxyde d\u2019azote baisser de 12 % depuis 2019, en partie gr\u00e2ce \u00e0 l\u2019adoption des v\u00e9los \u00e9lectriques. Les mod\u00e8les de Reany, comme le N1, amplifient cet impact. Avec une autonomie de 100 km sur une seule charge et un freinage r\u00e9g\u00e9n\u00e9ratif, ils sont con\u00e7us pour remplacer les trajets en voiture sans compromettre l\u2019aspect pratique.    <\/p>\n<p>Se r\u00e9approprier la jungle de b\u00e9ton<\/p>\n<p>Une voiture moyenne passe 95 % de sa vie gar\u00e9e&#8212; un gaspillage stup\u00e9fiant d\u2019espace urbain. Alors que des villes comme Paris et Barcelone remplacent les places de stationnement par des pistes cyclables et des centres de micro-mobilit\u00e9, les v\u00e9los \u00e9lectriques apparaissent comme des h\u00e9ros de l\u2019efficacit\u00e9 de l\u2019espace. Les v\u00e9los \u00e9lectriques Reany vont plus loin, en se repliant dans des tailles compactes pour la vie en appartement ou les trajets hybrides. Soudain, ce studio exigu gagne en m\u00e8tres carr\u00e9s, et les trains aux heures de pointe sont moins claustrophobes.   <\/p>\n<p>L\u2019essor tranquille des quartiers de 20 minutes<\/p>\n<p>Les urbanistes d\u00e9fendent d\u00e9sormais le concept de \u00ab ville en 15 minutes \u00bb, o\u00f9 les besoins quotidiens sont \u00e0 une courte distance de marche ou de trajet. Les v\u00e9los \u00e9lectriques rendent cela \u00e9volutif. \u00c0 Rotterdam, un cycliste \u00e9lectrique Reany peut parcourir 8 km en 20 minutes&#8212; soit trois fois plus grand que le rayon d\u2019action des v\u00e9los \u00e0 p\u00e9dales. Ce n\u2019est pas seulement pratique&nbsp;; Il revitalise les \u00e9conomies locales. Les caf\u00e9s et les boutiques du quartier Jordaan d\u2019Amsterdam signalent une augmentation du trafic pi\u00e9tonnier des utilisateurs de v\u00e9los \u00e9lectriques qui passaient autrefois devant leurs portes.    <\/p>\n<p>Une technologie qui connecte, pas qui distrait<\/p>\n<p>L\u2019e-mobilit\u00e9 moderne se nourrit d\u2019une int\u00e9gration intelligente. Le capteur SmartTorque de Reany apprend m\u00eame les habitudes de conduite, optimisant ainsi l\u2019utilisation de la batterie pour les embouteillages. Il s\u2019agit d\u2019une technologie subtile destin\u00e9e \u00e0 s\u2019estomper dans l\u2019arri\u00e8re&#8212;plan pendant que les cyclistes se concentrent sur leur ville, et non sur leur tableau de bord.  <\/p>\n<p>La voie \u00e0 suivre<\/p>\n<p>Des d\u00e9fis subsistent &#8212; l\u2019\u00e9quit\u00e9 en mati\u00e8re de recharge, l\u2019am\u00e9lioration de la s\u00e9curit\u00e9 routi\u00e8re et l\u2019\u00e9quilibre des infrastructures centr\u00e9es sur la voiture. Pourtant, l\u2019\u00e9lan est ind\u00e9niable. Amsterdam vise \u00e0 ce que 50 % de tous les d\u00e9placements soient sans \u00e9missions d\u2019ici 2025, un objectif repris \u00e0 Berlin et \u00e0 Copenhague.  <\/p>\n<h2>Chez Reany Bikes, nous consid\u00e9rons chaque navetteur comme un fa\u00e7onneur de ville. C\u2019est pourquoi nos conceptions privil\u00e9gient l\u2019accessibilit\u00e9 (notre mod\u00e8le d\u2019entr\u00e9e de gamme co\u00fbte moins cher qu\u2019un laissez-passer de transport en commun annuel) et la durabilit\u00e9 (cadres fabriqu\u00e9s \u00e0 partir de 80 % d\u2019aluminium recycl\u00e9). Parce que transformer les villes n\u2019est pas une question de grands gestes&#8212; il s\u2019agit de donner du pouvoir \u00e0 des millions de petits choix intelligents.  <\/h2>\n<p>Alors que le brouillard matinal se l\u00e8ve sur les canaux, observez de pr\u00e8s : le ronronnement des moteurs \u00e0 combustion c\u00e8de la place au vrombissement des v\u00e9los \u00e9lectriques. La ville du futur n\u2019est pas seulement \u00e9lectrique&#8212; elle est \u00e0 taille humaine. <\/p>\n","protected":false},"excerpt":{"rendered":"<p>La mobilit\u00e9 \u00e9lectrique r\u00e9volutionne la vie urbaine. Qu\u2019il s\u2019agisse d\u2019un air plus pur ou de paysages de rue repens\u00e9s, les v\u00e9los \u00e9lectriques comme Reany Bikes m\u00e8nent la charge vers un avenir plus vert et plus connect\u00e9. <\/p>\n","protected":false},"author":1,"featured_media":3006,"comment_status":"closed","ping_status":"closed","sticky":false,"template":"","format":"standard","meta":{"_acf_changed":false,"mc4wp_mailchimp_campaign":[],"_jetpack_memberships_contains_paid_content":false,"footnotes":""},"categories":[163],"tags":[141],"class_list":["post-3120","post","type-post","status-publish","format-standard","has-post-thumbnail","hentry","category-generalites","tag-velos-reany"],"acf":[],"jetpack_featured_media_url":"https:\/\/reanybikes.com\/wp-content\/uploads\/electric-mobility-urban-future.webp","jetpack_sharing_enabled":true,"_links":{"self":[{"href":"https:\/\/reanybikes.com\/fr\/wp-json\/wp\/v2\/posts\/3120","targetHints":{"allow":["GET"]}}],"collection":[{"href":"https:\/\/reanybikes.com\/fr\/wp-json\/wp\/v2\/posts"}],"about":[{"href":"https:\/\/reanybikes.com\/fr\/wp-json\/wp\/v2\/types\/post"}],"author":[{"embeddable":true,"href":"https:\/\/reanybikes.com\/fr\/wp-json\/wp\/v2\/users\/1"}],"replies":[{"embeddable":true,"href":"https:\/\/reanybikes.com\/fr\/wp-json\/wp\/v2\/comments?post=3120"}],"version-history":[{"count":0,"href":"https:\/\/reanybikes.com\/fr\/wp-json\/wp\/v2\/posts\/3120\/revisions"}],"wp:featuredmedia":[{"embeddable":true,"href":"https:\/\/reanybikes.com\/fr\/wp-json\/wp\/v2\/media\/3006"}],"wp:attachment":[{"href":"https:\/\/reanybikes.com\/fr\/wp-json\/wp\/v2\/media?parent=3120"}],"wp:term":[{"taxonomy":"category","embeddable":true,"href":"https:\/\/reanybikes.com\/fr\/wp-json\/wp\/v2\/categories?post=3120"},{"taxonomy":"post_tag","embeddable":true,"href":"https:\/\/reanybikes.com\/fr\/wp-json\/wp\/v2\/tags?post=3120"}],"curies":[{"name":"wp","href":"https:\/\/api.w.org\/{rel}","templated":true}]}}