{"id":3089,"date":"2025-02-11T12:13:00","date_gmt":"2025-02-11T12:13:00","guid":{"rendered":"http:\/\/reanybikes.com\/blog\/pourquoi-les-velos-electriques-redefinissent-la-facon-dont-leurope-se-deplace\/"},"modified":"2025-03-17T09:55:27","modified_gmt":"2025-03-17T09:55:27","slug":"pourquoi-les-velos-electriques-redefinissent-la-facon-dont-leurope-se-deplace","status":"publish","type":"post","link":"https:\/\/reanybikes.com\/fr\/blog\/pourquoi-les-velos-electriques-redefinissent-la-facon-dont-leurope-se-deplace\/","title":{"rendered":"Pourquoi les v\u00e9los \u00e9lectriques red\u00e9finissent la fa\u00e7on dont l\u2019Europe se d\u00e9place"},"content":{"rendered":"\n<p>Les rues d\u2019Europe s\u2019animent d\u2019un nouveau rythme : le bourdonnement des moteurs \u00e9lectriques se m\u00eale au cliquetis des sonnettes des v\u00e9los. Autrefois une nouveaut\u00e9 de niche, les v\u00e9los \u00e9lectriques sont maintenant devenus une pierre angulaire de la vie quotidienne \u00e0 travers le continent. Mais qu\u2019est-ce qui motive ce changement ? Voyons comment les v\u00e9los \u00e9lectriques transforment les d\u00e9placements, les loisirs et la durabilit\u00e9.   <\/p>\n<p>Qu\u2019est-ce qu\u2019un v\u00e9lo \u00e9lectrique exactement ? Consid\u00e9rez-le comme un v\u00e9lo traditionnel avec un boost \u00e9lectrique discret. Les v\u00e9los \u00e9lectriques conservent la simplicit\u00e9 du p\u00e9dalage, mais sont \u00e9quip\u00e9s d\u2019un moteur qui aide les cyclistes \u00e0 affronter les mont\u00e9es abruptes, les vents contraires ou les longs trajets. En Europe, la plupart des mod\u00e8les sont limit\u00e9s \u00e0 25 km\/h pour se conformer \u00e0 la r\u00e9glementation, assurant une conduite s\u00fbre et efficace.   <\/p>\n<h3><b>Pourquoi les Europ\u00e9ens changent de vitesse<\/b><\/h3>\n<h4>1. Des villes construites pour les deux roues<\/h4>\n<p>Les centres urbains privil\u00e9gient les transports plus propres et plus silencieux. Paris a \u00e9largi ses pistes cyclables, tandis que Barcelone a introduit des superblocs sans voiture. Les v\u00e9los \u00e9lectriques s\u2019int\u00e8grent parfaitement dans ce nouveau paysage urbain, r\u00e9duisant les embouteillages et les \u00e9missions tout en offrant un moyen plus rapide de naviguer dans les rues de la ville.  <\/p>\n<h4>2. Fitness sans transpirer<\/h4>\n<p>Les v\u00e9los \u00e9lectriques permettent aux cyclistes de choisir leur niveau d\u2019effort : p\u00e9daler plus fort pour une s\u00e9ance d\u2019entra\u00eenement ou compter sur le moteur pour obtenir de l\u2019aide. Des \u00e9tudes montrent que les propri\u00e9taires de v\u00e9los \u00e9lectriques roulent 60 % plus souvent que les cyclistes traditionnels, ce qui en fait une excellente alternative \u00e0 la voiture pour les trajets quotidiens. <\/p>\n<h4>3. D\u00e9placements domicile-travail rentables<\/h4>\n<p>Avec la hausse des prix du carburant et les gr\u00e8ves des transports publics qui provoquent des perturbations, les v\u00e9los \u00e9lectriques offrent une solution \u00e9conomique. La recharge ne co\u00fbte que quelques centimes et l\u2019entretien est plus simple qu\u2019avec les voitures. De nombreux gouvernements europ\u00e9ens accordent m\u00eame des subventions pour l\u2019achat de v\u00e9los \u00e9lectriques, comme la subvention fran\u00e7aise de 400 \u20ac.  <\/p>\n<h4>4. Explorer l\u2019Europe en toute simplicit\u00e9<\/h4>\n<p>Des vignobles de la Toscane aux fjords de Norv\u00e8ge, les v\u00e9los \u00e9lectriques permettent aux cyclistes de tous \u00e2ges d\u2019explorer des paysages pittoresques sans effort physique. Que ce soit pour les loisirs ou les trajets quotidiens, ils repoussent les limites de ce qui est possible sur deux roues. <\/p>\n<h3><b>Choisir le bon v\u00e9lo \u00e9lectrique<\/b><\/h3>\n<ul>\n<li><b>Moteur et batterie<\/b> : Choisissez un moteur \u00e0 d\u00e9tection de couple pour une conduite plus douce et assurez-vous que l\u2019autonomie de la batterie correspond \u00e0 votre style de vie : 40 km pour une utilisation en ville, 100+ km pour les longs trajets.<\/li>\n<li><b>Design et confort<\/b> : Recherchez des phares int\u00e9gr\u00e9s, des pneus r\u00e9sistants aux crevaisons et des selles ergonomiques.<\/li>\n<li><b>Durabilit\u00e9<\/b> : Optez pour des marques utilisant des mat\u00e9riaux recyclables et des composants r\u00e9parables.<\/li>\n<\/ul>\n<h3><b>L\u2019avenir de la mobilit\u00e9 : Reany Bikes<\/b><\/h3>\n<p>Fond\u00e9e aux Pays-Bas, Reany Bikes allie l\u2019h\u00e9ritage cycliste n\u00e9erlandais \u00e0 la technologie moderne. Nos v\u00e9los \u00e9lectriques sont l\u00e9gers (\u00e0 partir de 17 kg), disposent de puissantes batteries de 625 Wh permettant jusqu\u2019\u00e0 150 km par charge et utilisent une assistance moteur intelligente pour s\u2019adapter \u00e0 diff\u00e9rents terrains. Nous privil\u00e9gions la durabilit\u00e9, en utilisant des usines aliment\u00e9es par l\u2019\u00e9nergie solaire et des mat\u00e9riaux recyclables dans nos conceptions.  <\/p>\n<h3><b>La route devant vous est \u00e9lectrique<\/b><\/h3>\n<p>Les v\u00e9los \u00e9lectriques ne se contentent pas de remplacer les voitures ; ils r\u00e9inventent la fa\u00e7on dont l\u2019Europe vit. Ce sont des trajets scolaires sans embouteillages, des vacances sans frais d\u2019essence et un choix quotidien de r\u00e9duire de 2,5 tonnes de CO2 par an (par cycliste !). Alors que le continent acc\u00e9l\u00e8re vers ses objectifs climatiques pour 2030, des marques comme Reany Bikes sont l\u00e0 pour s\u2019assurer que cette transition est accessible, \u00e9l\u00e9gante et, surtout, agr\u00e9able.  <\/p>\n<p>Curieux de rejoindre le mouvement ? D\u00e9couvrez nos v\u00e9los \u00e9lectriques con\u00e7us avec soin \u00e0 reanybikes.nl, o\u00f9 l\u2019innovation rencontre la praticit\u00e9 europ\u00e9enne. Parce que l\u2019avenir de la mobilit\u00e9 n\u2019est pas seulement \u00e9lectrique, il s\u2019agit de red\u00e9couvrir la libert\u00e9 de mouvement.  <\/p>\n","protected":false},"excerpt":{"rendered":"<p>Les v\u00e9los \u00e9lectriques r\u00e9volutionnent le transport urbain \u00e0 travers l\u2019Europe. Qu\u2019il s\u2019agisse de r\u00e9duire les \u00e9missions ou d\u2019am\u00e9liorer l\u2019accessibilit\u00e9, ces v\u00e9los \u00e9lectriques transforment la fa\u00e7on dont les gens se d\u00e9placent dans des villes comme Amsterdam, Berlin et Paris. D\u00e9couvrez comment les v\u00e9los \u00e9lectriques offrent une alternative \u00e9cologique, efficace et agr\u00e9able aux trajets domicile-travail traditionnels.  <\/p>\n","protected":false},"author":1,"featured_media":2970,"comment_status":"closed","ping_status":"closed","sticky":false,"template":"","format":"standard","meta":{"_acf_changed":false,"mc4wp_mailchimp_campaign":[],"_jetpack_memberships_contains_paid_content":false,"footnotes":""},"categories":[128],"tags":[129,130,132],"class_list":["post-3089","post","type-post","status-publish","format-standard","has-post-thumbnail","hentry","category-mobilite","tag-mobilite-urbaine","tag-velos-electriques","tag-durabilite"],"acf":[],"jetpack_featured_media_url":"https:\/\/reanybikes.com\/wp-content\/uploads\/why-e-bikes-are-redefining-europe.webp","jetpack_sharing_enabled":true,"_links":{"self":[{"href":"https:\/\/reanybikes.com\/fr\/wp-json\/wp\/v2\/posts\/3089","targetHints":{"allow":["GET"]}}],"collection":[{"href":"https:\/\/reanybikes.com\/fr\/wp-json\/wp\/v2\/posts"}],"about":[{"href":"https:\/\/reanybikes.com\/fr\/wp-json\/wp\/v2\/types\/post"}],"author":[{"embeddable":true,"href":"https:\/\/reanybikes.com\/fr\/wp-json\/wp\/v2\/users\/1"}],"replies":[{"embeddable":true,"href":"https:\/\/reanybikes.com\/fr\/wp-json\/wp\/v2\/comments?post=3089"}],"version-history":[{"count":0,"href":"https:\/\/reanybikes.com\/fr\/wp-json\/wp\/v2\/posts\/3089\/revisions"}],"wp:featuredmedia":[{"embeddable":true,"href":"https:\/\/reanybikes.com\/fr\/wp-json\/wp\/v2\/media\/2970"}],"wp:attachment":[{"href":"https:\/\/reanybikes.com\/fr\/wp-json\/wp\/v2\/media?parent=3089"}],"wp:term":[{"taxonomy":"category","embeddable":true,"href":"https:\/\/reanybikes.com\/fr\/wp-json\/wp\/v2\/categories?post=3089"},{"taxonomy":"post_tag","embeddable":true,"href":"https:\/\/reanybikes.com\/fr\/wp-json\/wp\/v2\/tags?post=3089"}],"curies":[{"name":"wp","href":"https:\/\/api.w.org\/{rel}","templated":true}]}}